{"id":88,"date":"2017-08-18T12:43:08","date_gmt":"2017-08-18T15:43:08","guid":{"rendered":"http:\/\/recursoscatolicos.cl\/?p=88"},"modified":"2017-08-18T12:43:08","modified_gmt":"2017-08-18T15:43:08","slug":"la-biblia-lectio-divina-y-el-santo-padre-benedicto-xvi","status":"publish","type":"post","link":"https:\/\/recursoscatolicos.cl\/index.php\/2017\/08\/18\/la-biblia-lectio-divina-y-el-santo-padre-benedicto-xvi\/","title":{"rendered":"La Biblia Lectio Divina y el Santo Padre Benedicto XVI"},"content":{"rendered":"<p><strong>Benedicto XVI recibe Biblia preparada por el CEBIPAL-CELAM y SBU<\/strong><\/p>\n<p>ROMA, martes,<strong> 5 febrero 2008<\/strong> (ZENIT.org).- Con un gesto de admiraci\u00f3n y diciendo \u00abfinalmente lleg\u00f3 la Biblia de \u00abLectio Divina\u00bb\u00bb, recibi\u00f3 el Santo Padre Benedicto XVI un ejemplar de esta edici\u00f3n basada en la Biblia de Estudio de las Sociedades B\u00edblicas Unidas, adaptada para la pr\u00e1ctica de la \u00abLectio Divina\u00bb por un equipo del Centro B\u00edblico (CEBIPAL) del Consejo Episcopal Latinoamericano (CELAM) y presentada por monse\u00f1or Santiago Silva, obispo auxiliar de Valpara\u00edso, Chile, y responsable de dicho Centro.<\/p>\n<p>La \u00abBiblia de la \u00abLectio Divina\u00bb\u00bb, como se llama, es fruto de un acuerdo entre la American Bible Society (ABS) y el Centro B\u00edblico Pastoral del CELAM, y tiene como finalidad estimular y dar herramientas para que muchos cat\u00f3licos de habla hispana, comenzando por Am\u00e9rica Latina y el Caribe, se ejerciten diariamente en la lectura orante de la Biblia o \u00abLectio Divina\u00bb.<\/p>\n<p>El asesor interconfesional de las Sociedades B\u00edblicas, Ricardo Grzona, puso el pasado mi\u00e9rcoles en manos del Papa, al terminar la audiencia general, el primer ejemplar de esta edici\u00f3n. Meses atr\u00e1s el Santo Padre hab\u00eda sido informado personalmente sobre esta edici\u00f3n de la Biblia y sobre la exitosa iniciativa pastoral del CEBIPAL y las SBU conocida como \u00abLectionautas\u00bb, en la cual diez mil j\u00f3venes de Am\u00e9rica Latina hab\u00edan sido entrenados como disc\u00edpulos de la Palabra y misioneros de la \u00abLectio Divina\u00bb con un manual escrito por el CEBIPAL y financiado por las SBU.<\/p>\n<p>La entrega de la nueva Biblia al Papa fue el momento cumbre de un camino iniciado hace dos a\u00f1os, a partir del di\u00e1logo entre los se\u00f1ores Melvin Rivera y Ricardo Grzona, por parte de la ABS y SBU, y de Mons. Santiago Silva y P. Fidel O\u00f1oro CJM, por parte del CEBIPAL-CELAM.<br \/>\nUn equipo liderado por el director del CEBIPAL, y con el apoyo de los padres Hern\u00e1n Dar\u00edo Cardona SDB y Jos\u00e9 Santos Torres CMF, se encarg\u00f3 de redactar una nueva introducci\u00f3n a la \u00abLectio Divina\u00bb, una breve motivaci\u00f3n en la introducci\u00f3n de cada libro de la Biblia y una ficha pr\u00e1ctica para los ejercicios, una por cada libro.<\/p>\n<p>El trabajo editorial estuvo a cargo de las SBU, en la persona de Loyda Ortiz, en Miami. Durante la V Conferencia de Aparecida, los Obispos de Am\u00e9rica Latina ya hab\u00edan recibido un anticipo en una versi\u00f3n del Evangelio seg\u00fan san Mateo, luego se recibieron algunos comentarios que mejoraron la edici\u00f3n final.<\/p>\n<p>Esta nueva edici\u00f3n de la Biblia de la \u00abLectio Divina\u00bb ha sido concebida como un aporte al camino de la escucha discipular de la Palabra, fuente de misi\u00f3n y compromiso, que la Iglesia latinoamericana ha emprendido con vigor desde Aparecida. Pr\u00f3ximamente estar\u00e1 a disposici\u00f3n en las librer\u00edas.<\/p>\n<p>Mientras tanto, el equipo de traductores del CEBIPAL del CELAM avanza seriamente en una nueva traducci\u00f3n directa de los originales, la cual es patrocinada por el episcopado de los Estados Unidos, y que ver\u00e1 la luz de forma completa en el a\u00f1o 2014.<\/p>\n<p>&nbsp;<\/p>\n<p>fuente:\u00a0<a href=\"http:\/\/noticias.iglesia.cl\/noticia.php?id=6124\">http:\/\/noticias.iglesia.cl\/noticia.php?id=6124<\/a><\/p>\n","protected":false},"excerpt":{"rendered":"<p>Benedicto XVI recibe Biblia preparada por el CEBIPAL-CELAM y SBU ROMA, martes, 5 febrero 2008 (ZENIT.org).- Con un gesto de admiraci\u00f3n y diciendo \u00abfinalmente lleg\u00f3 la Biblia de \u00abLectio Divina\u00bb\u00bb, recibi\u00f3 el Santo Padre Benedicto XVI un ejemplar de esta &hellip; <a href=\"https:\/\/recursoscatolicos.cl\/index.php\/2017\/08\/18\/la-biblia-lectio-divina-y-el-santo-padre-benedicto-xvi\/\">Leer m\u00e1s<\/a><\/p>\n","protected":false},"author":1,"featured_media":89,"comment_status":"open","ping_status":"open","sticky":false,"template":"","format":"standard","meta":{"footnotes":""},"categories":[25],"tags":[],"class_list":["post-88","post","type-post","status-publish","format-standard","has-post-thumbnail","hentry","category-archivo-historico"],"aioseo_notices":[],"_links":{"self":[{"href":"https:\/\/recursoscatolicos.cl\/index.php\/wp-json\/wp\/v2\/posts\/88","targetHints":{"allow":["GET"]}}],"collection":[{"href":"https:\/\/recursoscatolicos.cl\/index.php\/wp-json\/wp\/v2\/posts"}],"about":[{"href":"https:\/\/recursoscatolicos.cl\/index.php\/wp-json\/wp\/v2\/types\/post"}],"author":[{"embeddable":true,"href":"https:\/\/recursoscatolicos.cl\/index.php\/wp-json\/wp\/v2\/users\/1"}],"replies":[{"embeddable":true,"href":"https:\/\/recursoscatolicos.cl\/index.php\/wp-json\/wp\/v2\/comments?post=88"}],"version-history":[{"count":1,"href":"https:\/\/recursoscatolicos.cl\/index.php\/wp-json\/wp\/v2\/posts\/88\/revisions"}],"predecessor-version":[{"id":90,"href":"https:\/\/recursoscatolicos.cl\/index.php\/wp-json\/wp\/v2\/posts\/88\/revisions\/90"}],"wp:featuredmedia":[{"embeddable":true,"href":"https:\/\/recursoscatolicos.cl\/index.php\/wp-json\/wp\/v2\/media\/89"}],"wp:attachment":[{"href":"https:\/\/recursoscatolicos.cl\/index.php\/wp-json\/wp\/v2\/media?parent=88"}],"wp:term":[{"taxonomy":"category","embeddable":true,"href":"https:\/\/recursoscatolicos.cl\/index.php\/wp-json\/wp\/v2\/categories?post=88"},{"taxonomy":"post_tag","embeddable":true,"href":"https:\/\/recursoscatolicos.cl\/index.php\/wp-json\/wp\/v2\/tags?post=88"}],"curies":[{"name":"wp","href":"https:\/\/api.w.org\/{rel}","templated":true}]}}