{"id":194,"date":"2017-09-07T18:09:28","date_gmt":"2017-09-07T21:09:28","guid":{"rendered":"http:\/\/recursoscatolicos.cl\/?p=194"},"modified":"2017-09-07T18:09:28","modified_gmt":"2017-09-07T21:09:28","slug":"logo-lema-y-programa-de-la-venida-del-papa-francisco-a-chile-2018","status":"publish","type":"post","link":"https:\/\/recursoscatolicos.cl\/index.php\/2017\/09\/07\/logo-lema-y-programa-de-la-venida-del-papa-francisco-a-chile-2018\/","title":{"rendered":"Logo, lema y programa de la venida del Papa Francisco a Chile 2018"},"content":{"rendered":"<p><img loading=\"lazy\" decoding=\"async\" class=\"alignnone size-full wp-image-195\" src=\"http:\/\/recursoscatolicos.cl\/wp-content\/uploads\/2017\/09\/logo-papa-chile.jpg\" alt=\"\" width=\"1200\" height=\"600\" srcset=\"https:\/\/recursoscatolicos.cl\/wp-content\/uploads\/2017\/09\/logo-papa-chile.jpg 1200w, https:\/\/recursoscatolicos.cl\/wp-content\/uploads\/2017\/09\/logo-papa-chile-300x150.jpg 300w, https:\/\/recursoscatolicos.cl\/wp-content\/uploads\/2017\/09\/logo-papa-chile-768x384.jpg 768w, https:\/\/recursoscatolicos.cl\/wp-content\/uploads\/2017\/09\/logo-papa-chile-1024x512.jpg 1024w, https:\/\/recursoscatolicos.cl\/wp-content\/uploads\/2017\/09\/logo-papa-chile-740x370.jpg 740w, https:\/\/recursoscatolicos.cl\/wp-content\/uploads\/2017\/09\/logo-papa-chile-370x185.jpg 370w\" sizes=\"auto, (max-width: 1200px) 100vw, 1200px\" \/><\/p>\n<p>Lema:\u00a0<strong>Mi paz les doy<\/strong><\/p>\n<p>Programa actual (Programa Oficial estar\u00e1 disponible en Noviembre)<\/p>\n<p>Actividades abiertas masivas:<\/p>\n<ul>\n<li>martes 16 de enero estar\u00e1 en <strong>Santiago en el Parque O\u2019Higgins<\/strong><\/li>\n<li>mi\u00e9rcoles 17 celebrar\u00e1 la Eucarist\u00eda en <strong>Temuco, en el Aer\u00f3dromo Maquehue<\/strong><\/li>\n<li>jueves 18 de enero habr\u00e1 una actividad masiva en el sector de <strong>Playa Lobito\u00a0de la ciudad de Iquique.<\/strong><\/li>\n<\/ul>\n<p>Tambi\u00e9n estar\u00e1 en el Templo de Maip\u00fa, la Pontificia Universidad Cat\u00f3lica, una vista al Centro Penitenciario Femenino de San Joaqu\u00edn<\/p>\n","protected":false},"excerpt":{"rendered":"<p>Lema:\u00a0Mi paz les doy Programa actual (Programa Oficial estar\u00e1 disponible en Noviembre) Actividades abiertas masivas: martes 16 de enero estar\u00e1 en Santiago en el Parque O\u2019Higgins mi\u00e9rcoles 17 celebrar\u00e1 la Eucarist\u00eda en Temuco, en el Aer\u00f3dromo Maquehue jueves 18 de &hellip; <a href=\"https:\/\/recursoscatolicos.cl\/index.php\/2017\/09\/07\/logo-lema-y-programa-de-la-venida-del-papa-francisco-a-chile-2018\/\">Leer m\u00e1s<\/a><\/p>\n","protected":false},"author":1,"featured_media":195,"comment_status":"open","ping_status":"open","sticky":false,"template":"","format":"standard","meta":{"footnotes":""},"categories":[29],"tags":[],"class_list":["post-194","post","type-post","status-publish","format-standard","has-post-thumbnail","hentry","category-actualidad"],"aioseo_notices":[],"_links":{"self":[{"href":"https:\/\/recursoscatolicos.cl\/index.php\/wp-json\/wp\/v2\/posts\/194","targetHints":{"allow":["GET"]}}],"collection":[{"href":"https:\/\/recursoscatolicos.cl\/index.php\/wp-json\/wp\/v2\/posts"}],"about":[{"href":"https:\/\/recursoscatolicos.cl\/index.php\/wp-json\/wp\/v2\/types\/post"}],"author":[{"embeddable":true,"href":"https:\/\/recursoscatolicos.cl\/index.php\/wp-json\/wp\/v2\/users\/1"}],"replies":[{"embeddable":true,"href":"https:\/\/recursoscatolicos.cl\/index.php\/wp-json\/wp\/v2\/comments?post=194"}],"version-history":[{"count":1,"href":"https:\/\/recursoscatolicos.cl\/index.php\/wp-json\/wp\/v2\/posts\/194\/revisions"}],"predecessor-version":[{"id":196,"href":"https:\/\/recursoscatolicos.cl\/index.php\/wp-json\/wp\/v2\/posts\/194\/revisions\/196"}],"wp:featuredmedia":[{"embeddable":true,"href":"https:\/\/recursoscatolicos.cl\/index.php\/wp-json\/wp\/v2\/media\/195"}],"wp:attachment":[{"href":"https:\/\/recursoscatolicos.cl\/index.php\/wp-json\/wp\/v2\/media?parent=194"}],"wp:term":[{"taxonomy":"category","embeddable":true,"href":"https:\/\/recursoscatolicos.cl\/index.php\/wp-json\/wp\/v2\/categories?post=194"},{"taxonomy":"post_tag","embeddable":true,"href":"https:\/\/recursoscatolicos.cl\/index.php\/wp-json\/wp\/v2\/tags?post=194"}],"curies":[{"name":"wp","href":"https:\/\/api.w.org\/{rel}","templated":true}]}}