{"id":204,"date":"2018-11-29T14:56:00","date_gmt":"2018-11-29T17:56:00","guid":{"rendered":"http:\/\/recursoscatolicos.cl\/?p=204"},"modified":"2018-11-29T15:02:58","modified_gmt":"2018-11-29T18:02:58","slug":"biblia-catolica-de-estudio-con-imprimatur","status":"publish","type":"post","link":"http:\/\/recursoscatolicos.cl\/index.php\/2018\/11\/29\/biblia-catolica-de-estudio-con-imprimatur\/","title":{"rendered":"Biblia Cat\u00f3lica de Estudio con Imprimatur"},"content":{"rendered":"<p class=\"lang-es\">Las biblias de estudio Dios Habla Hoy con deuterocan\u00f3nicos traen el siguiente reconocimiento del CELAM en la segunda p\u00e1gina:<\/p>\n<p class=\"lang-es\">El Consejo Episcopal Latinoamericano\u2014CELAM, expresa su complacencia porque su programa de Di\u00e1logo con las Sociedades B\u00edblicas Unidas\u2014SBU,<span id=\"marker3435535\" class=\"offset-marker\" data-offset=\"2228360\"><\/span>\u00a0haya llegado hasta la publicaci\u00f3n de la BIBLIA DE ESTUDIO \u00abDIOS HABLA HOY\u00bb, con inclusi\u00f3n de los libros deuterocan\u00f3nicos y de notas explicativas y pastorales, y preparadas con la colaboraci\u00f3n de biblistas cat\u00f3licos, con la intenci\u00f3n de servir a todos los cristianos.<span id=\"marker3435536\" class=\"offset-marker\" data-offset=\"2228560\"><\/span><\/p>\n<p class=\"lang-es\">Dejamos al ponderado criterio de las Conferencias Episcopales de Am\u00e9rica Latina la divulgaci\u00f3n de esta Biblia de Estudios <strong>que podr\u00e1\u00a0<span id=\"marker3435537\" class=\"offset-marker\" data-offset=\"2228760\"><\/span>ayudar a las personas y a los grupos especialmente catequ\u00edsticos que deseen profundizar en la Palabra de Dios para comprenderla mejor y vivirla<\/strong>, de modo particular cuando en el Continente de la Esperanza hemos iniciado el camino de una Nueva Evangelizaci\u00f3n.<span id=\"marker3435538\" class=\"offset-marker\" data-offset=\"2228960\"><\/span><\/p>\n<p class=\"lang-es\">RAYMUNDO DAMASCENO ASSIS<\/p>\n<p class=\"lang-es\">Obispo Auxilar de Brasilia<\/p>\n<p class=\"lang-es\">Secretario General del CELAM<\/p>\n<p>&nbsp;<\/p>\n<p>Santaf\u00e9 de Bogota, junio de 1994<\/p>\n<p>&nbsp;<\/p>\n<p>Este texto es conocido como<strong> Imrpim\u00e1tur<\/strong>, que\u00a0es una declaraci\u00f3n oficial por la jerarqu\u00eda de la\u00a0Iglesia cat\u00f3lica\u00a0de que una obra literaria o similar est\u00e1 libre de error en materia de doctrina y moral cat\u00f3lica, y se autoriza por lo tanto su lectura por los fieles cat\u00f3licos (<a href=\"https:\/\/es.wikipedia.org\/wiki\/Imprim%C3%A1tur\">Wikipedia<\/a>). La Real Academia Espa\u00f1ola\u00a0 lo define como: \u00abLicencia que da la autoridad eclesi\u00e1stica para imprimir un escrito\u00bb.<\/p>\n<p>&nbsp;<\/p>\n<p>Las Biblias Dios Habla con deuterocan\u00f3nicos tambi\u00e9n traen el Imprim\u00e1tur de la Iglesia Cat\u00f3lica.<\/p>\n","protected":false},"excerpt":{"rendered":"<p>Las biblias de estudio Dios Habla Hoy con deuterocan\u00f3nicos traen el siguiente reconocimiento del CELAM en la segunda p\u00e1gina: El Consejo Episcopal Latinoamericano\u2014CELAM, expresa su complacencia porque su programa de Di\u00e1logo con las Sociedades B\u00edblicas Unidas\u2014SBU,\u00a0haya llegado hasta la publicaci\u00f3n &hellip; <a href=\"http:\/\/recursoscatolicos.cl\/index.php\/2018\/11\/29\/biblia-catolica-de-estudio-con-imprimatur\/\">Leer m\u00e1s<\/a><\/p>\n","protected":false},"author":1,"featured_media":0,"comment_status":"open","ping_status":"open","sticky":false,"template":"","format":"standard","meta":{"footnotes":""},"categories":[1],"tags":[],"class_list":["post-204","post","type-post","status-publish","format-standard","hentry","category-uncategorized"],"aioseo_notices":[],"_links":{"self":[{"href":"http:\/\/recursoscatolicos.cl\/index.php\/wp-json\/wp\/v2\/posts\/204","targetHints":{"allow":["GET"]}}],"collection":[{"href":"http:\/\/recursoscatolicos.cl\/index.php\/wp-json\/wp\/v2\/posts"}],"about":[{"href":"http:\/\/recursoscatolicos.cl\/index.php\/wp-json\/wp\/v2\/types\/post"}],"author":[{"embeddable":true,"href":"http:\/\/recursoscatolicos.cl\/index.php\/wp-json\/wp\/v2\/users\/1"}],"replies":[{"embeddable":true,"href":"http:\/\/recursoscatolicos.cl\/index.php\/wp-json\/wp\/v2\/comments?post=204"}],"version-history":[{"count":3,"href":"http:\/\/recursoscatolicos.cl\/index.php\/wp-json\/wp\/v2\/posts\/204\/revisions"}],"predecessor-version":[{"id":207,"href":"http:\/\/recursoscatolicos.cl\/index.php\/wp-json\/wp\/v2\/posts\/204\/revisions\/207"}],"wp:attachment":[{"href":"http:\/\/recursoscatolicos.cl\/index.php\/wp-json\/wp\/v2\/media?parent=204"}],"wp:term":[{"taxonomy":"category","embeddable":true,"href":"http:\/\/recursoscatolicos.cl\/index.php\/wp-json\/wp\/v2\/categories?post=204"},{"taxonomy":"post_tag","embeddable":true,"href":"http:\/\/recursoscatolicos.cl\/index.php\/wp-json\/wp\/v2\/tags?post=204"}],"curies":[{"name":"wp","href":"https:\/\/api.w.org\/{rel}","templated":true}]}}