{"id":158,"date":"2017-08-22T16:41:19","date_gmt":"2017-08-22T19:41:19","guid":{"rendered":"http:\/\/recursoscatolicos.cl\/?p=158"},"modified":"2017-08-22T16:41:19","modified_gmt":"2017-08-22T19:41:19","slug":"el-senor-es-nuestro-refugio-con-notas-de-estudio","status":"publish","type":"post","link":"http:\/\/recursoscatolicos.cl\/index.php\/2017\/08\/22\/el-senor-es-nuestro-refugio-con-notas-de-estudio\/","title":{"rendered":"El Se\u00f1or es nuestro refugio con notas de estudio"},"content":{"rendered":"<p>1\u00a0El que vive bajo la sombra protectora<br \/>\ndel Alt\u00edsimo y Todopoderoso,<br \/>\n2\u00a0dice al Se\u00f1or: \u00abT\u00fa eres mi refugio,<br \/>\nmi castillo, \u00a1mi Dios, en quien conf\u00edo!\u00bb<\/p>\n<p>3\u00a0S\u00f3lo \u00e9l puede librarte<br \/>\nde trampas ocultas y plagas mortales,<br \/>\n4\u00a0pues te cubrir\u00e1 con sus alas,<br \/>\ny bajo ellas estar\u00e1s seguro.<br \/>\n\u00a1Su fidelidad te proteger\u00e1 como un escudo!<br \/>\n5\u00a0No tengas miedo a los peligros nocturnos,<br \/>\nni a las flechas lanzadas de d\u00eda,<br \/>\n6\u00a0ni a las plagas que llegan con la oscuridad,<br \/>\nni a las que destruyen a pleno sol;<br \/>\n7\u00a0pues mil caer\u00e1n muertos a tu izquierda<br \/>\ny diez mil a tu derecha,<br \/>\npero a ti nada te pasar\u00e1.<br \/>\n8\u00a0Solamente lo habr\u00e1s de presenciar:<br \/>\nver\u00e1s a los malvados recibir su merecido.<\/p>\n<p>9\u00a0Ya que has hecho del Se\u00f1or tu refugio,<br \/>\ndel Alt\u00edsimo tu lugar de protecci\u00f3n,<br \/>\n10\u00a0no te sobrevendr\u00e1 ning\u00fan mal<br \/>\nni la enfermedad llegar\u00e1 a tu casa;<br \/>\n11\u00a0pues \u00e9l mandar\u00e1 que sus \u00e1ngeles<br \/>\nte cuiden por dondequiera que vayas.<br \/>\n12\u00a0Te levantar\u00e1n con sus manos<br \/>\npara que no tropieces con piedra alguna.<br \/>\n13\u00a0Podr\u00e1s andar entre leones,<br \/>\nentre monstruos y serpientes.<\/p>\n<p>14\u00a0\u00abYo lo pondr\u00e9 a salvo,<br \/>\nfuera del alcance de todos,<br \/>\nporque \u00e9l me ama y me conoce.<br \/>\n15\u00a0Cuando me llame, le contestar\u00e9;<br \/>\n\u00a1yo mismo estar\u00e9 con \u00e9l!<br \/>\nLo librar\u00e9 de la angustia<br \/>\ny lo colmar\u00e9 de honores;<br \/>\n16\u00a0lo har\u00e9 disfrutar de una larga vida:<br \/>\n\u00a1lo har\u00e9 gozar de mi salvaci\u00f3n!\u00bb<\/p>\n<p><strong>Notas:\u00a0<\/strong><\/p>\n<ul>\n<li>Salmo 91 Con un lenguaje lleno de im\u00e1genes po\u00e9ticas, este poema did\u00e1ctico o sapiencial invita a confiar en el Se\u00f1or, porque \u00e9l es el \u00fanico refugio seguro contra todas las adversidades y peligros. Cf. Sal 27.1\u20136<\/li>\n<li>91.1 Todopoderoso: As\u00ed traducen las versiones antiguas el nombre divino Sadai, que tambi\u00e9n se encuentra en otros pasajes del AT (por ej., Gn 17.1; 28.3; Ex 6.3; Job 5.17; 27.1\u20132; 32.8; Sal 68.14 [15]).<\/li>\n<li>91.4 Sobre la met\u00e1fora de la protecci\u00f3n \u201cbajo sus alas\u201d, v\u00e9anse las referencias en Sal 17.8 nota d: Alas: Probablemente se alude a los querubines o seres alados cuyas alas extendidas proteg\u00edan el arca de la alianza en el templo de Jerusal\u00e9n (1 R 8.6\u20137). Cf. Sal 36.7 (8); 57.1 (2); 61.4 (5); 63.7 (8); 91.4.<\/li>\n<li>91.4 Escudo: Cf. 2 S 22.3; Sal 3.3 (4); 18.2 (3); 144.2.<\/li>\n<li>91.5 Peligros nocturnos: lit. terrores de la noche, como los descritos en Job 7.13\u201314; Jer 49.9; Abd 5; Eclo 40.5\u20137.<\/li>\n<li>91.7 Cf. Ex 12.23.<\/li>\n<li>91.8 Cf. Ex 14.30\u201331.<\/li>\n<li>91.9 Tu refugio: seg\u00fan versiones. Heb. mi refugio.<\/li>\n<li>91.11 Mt 4.6; Lc 4.10.<\/li>\n<li>91.12 Mt 4.6; Lc 4.11.<\/li>\n<li>91.13 Cf. Lc 10.19.<\/li>\n<li>91.14\u201316 Aqu\u00ed el Se\u00f1or toma la palabra para confirmar las declaraciones del salmista. V\u00e9ase Sal 75.2 (3) nota d. \u00a0(3) El Se\u00f1or dice: Esta frase no est\u00e1 en hebreo, pero se ha a\u00f1adido en la traducci\u00f3n para mayor claridad. Seg\u00fan parece, en el marco de la celebraci\u00f3n lit\u00fargica un profeta cultual toma la palabra y habla a la comunidad en nombre del Se\u00f1or.<\/li>\n<\/ul>\n<p>Fuente: La Bibla de estudio: Dios habla hoy. Sociedades B\u00edblicas Unidas.<\/p>\n<p>&nbsp;<\/p>\n","protected":false},"excerpt":{"rendered":"<p>1\u00a0El que vive bajo la sombra protectora del Alt\u00edsimo y Todopoderoso, 2\u00a0dice al Se\u00f1or: \u00abT\u00fa eres mi refugio, mi castillo, \u00a1mi Dios, en quien conf\u00edo!\u00bb 3\u00a0S\u00f3lo \u00e9l puede librarte de trampas ocultas y plagas mortales, 4\u00a0pues te cubrir\u00e1 con sus &hellip; <a href=\"http:\/\/recursoscatolicos.cl\/index.php\/2017\/08\/22\/el-senor-es-nuestro-refugio-con-notas-de-estudio\/\">Leer m\u00e1s<\/a><\/p>\n","protected":false},"author":1,"featured_media":159,"comment_status":"open","ping_status":"open","sticky":false,"template":"","format":"standard","meta":{"footnotes":""},"categories":[31],"tags":[],"class_list":["post-158","post","type-post","status-publish","format-standard","has-post-thumbnail","hentry","category-salmos"],"aioseo_notices":[],"_links":{"self":[{"href":"http:\/\/recursoscatolicos.cl\/index.php\/wp-json\/wp\/v2\/posts\/158","targetHints":{"allow":["GET"]}}],"collection":[{"href":"http:\/\/recursoscatolicos.cl\/index.php\/wp-json\/wp\/v2\/posts"}],"about":[{"href":"http:\/\/recursoscatolicos.cl\/index.php\/wp-json\/wp\/v2\/types\/post"}],"author":[{"embeddable":true,"href":"http:\/\/recursoscatolicos.cl\/index.php\/wp-json\/wp\/v2\/users\/1"}],"replies":[{"embeddable":true,"href":"http:\/\/recursoscatolicos.cl\/index.php\/wp-json\/wp\/v2\/comments?post=158"}],"version-history":[{"count":1,"href":"http:\/\/recursoscatolicos.cl\/index.php\/wp-json\/wp\/v2\/posts\/158\/revisions"}],"predecessor-version":[{"id":160,"href":"http:\/\/recursoscatolicos.cl\/index.php\/wp-json\/wp\/v2\/posts\/158\/revisions\/160"}],"wp:featuredmedia":[{"embeddable":true,"href":"http:\/\/recursoscatolicos.cl\/index.php\/wp-json\/wp\/v2\/media\/159"}],"wp:attachment":[{"href":"http:\/\/recursoscatolicos.cl\/index.php\/wp-json\/wp\/v2\/media?parent=158"}],"wp:term":[{"taxonomy":"category","embeddable":true,"href":"http:\/\/recursoscatolicos.cl\/index.php\/wp-json\/wp\/v2\/categories?post=158"},{"taxonomy":"post_tag","embeddable":true,"href":"http:\/\/recursoscatolicos.cl\/index.php\/wp-json\/wp\/v2\/tags?post=158"}],"curies":[{"name":"wp","href":"https:\/\/api.w.org\/{rel}","templated":true}]}}